{"id":1232,"date":"2017-03-28T07:28:08","date_gmt":"2017-03-28T11:28:08","guid":{"rendered":"https:\/\/slfcpa.ca\/2017-quebec-budget-summary\/"},"modified":"2021-03-02T20:36:48","modified_gmt":"2021-03-03T01:36:48","slug":"2017-quebec-budget-summary","status":"publish","type":"post","link":"https:\/\/slfcpa.ca\/fr\/2017-quebec-budget-summary\/","title":{"rendered":"R\u00e9sum\u00e9 du budget du Qu\u00e9bec  2017"},"content":{"rendered":"<p>Le ministre des Finances, M. Carlos J. Leit\u00e3o, a d\u00e9pos\u00e9 le 28 mars, le Plan \u00e9conomique de 2017, un troisi\u00e8me budget \u00e9quilibr\u00e9 cons\u00e9cutif confirmant la bonne sant\u00e9 \u00e9conomique et financi\u00e8re du Qu\u00e9bec.\u00a0Voici les grandes lignes du budget de 2017.<\/p>\n<p><strong>LIRE PLUS &gt;\u00a0<a href=\"https:\/\/slfcpa.ca\/wp-content\/uploads\/2017\/03\/SLF-Re\u0301sume\u0301-du-budget-du-Que\u0301bec-20171.pdf\">Re\u0301sume\u0301 du budget du Que\u0301bec 2017<\/a><\/strong><\/p>\n","protected":false},"excerpt":{"rendered":"<p>Le ministre des Finances, M. Carlos J. Leit\u00e3o, a d\u00e9pos\u00e9 le 28 mars, le Plan \u00e9conomique de 2017, un troisi\u00e8me budget \u00e9quilibr\u00e9 cons\u00e9cutif confirmant la bonne sant\u00e9 \u00e9conomique et financi\u00e8re du Qu\u00e9bec.\u00a0Voici les grandes lignes du budget de 2017. LIRE PLUS &gt;\u00a0Re\u0301sume\u0301 du budget du Que\u0301bec 2017<\/p>\n","protected":false},"author":2,"featured_media":1289,"comment_status":"open","ping_status":"closed","sticky":false,"template":"","format":"standard","meta":{"_acf_changed":false,"footnotes":""},"categories":[11,21],"tags":[14],"class_list":["post-1232","post","type-post","status-publish","format-standard","has-post-thumbnail","hentry","category-nouvelles","category-perspectives","tag-slf-infofiscale"],"acf":[],"_links":{"self":[{"href":"https:\/\/slfcpa.ca\/fr\/wp-json\/wp\/v2\/posts\/1232","targetHints":{"allow":["GET"]}}],"collection":[{"href":"https:\/\/slfcpa.ca\/fr\/wp-json\/wp\/v2\/posts"}],"about":[{"href":"https:\/\/slfcpa.ca\/fr\/wp-json\/wp\/v2\/types\/post"}],"author":[{"embeddable":true,"href":"https:\/\/slfcpa.ca\/fr\/wp-json\/wp\/v2\/users\/2"}],"replies":[{"embeddable":true,"href":"https:\/\/slfcpa.ca\/fr\/wp-json\/wp\/v2\/comments?post=1232"}],"version-history":[{"count":3,"href":"https:\/\/slfcpa.ca\/fr\/wp-json\/wp\/v2\/posts\/1232\/revisions"}],"predecessor-version":[{"id":2452,"href":"https:\/\/slfcpa.ca\/fr\/wp-json\/wp\/v2\/posts\/1232\/revisions\/2452"}],"wp:featuredmedia":[{"embeddable":true,"href":"https:\/\/slfcpa.ca\/fr\/wp-json\/wp\/v2\/media\/1289"}],"wp:attachment":[{"href":"https:\/\/slfcpa.ca\/fr\/wp-json\/wp\/v2\/media?parent=1232"}],"wp:term":[{"taxonomy":"category","embeddable":true,"href":"https:\/\/slfcpa.ca\/fr\/wp-json\/wp\/v2\/categories?post=1232"},{"taxonomy":"post_tag","embeddable":true,"href":"https:\/\/slfcpa.ca\/fr\/wp-json\/wp\/v2\/tags?post=1232"}],"curies":[{"name":"wp","href":"https:\/\/api.w.org\/{rel}","templated":true}]}}